{"id":43,"date":"2018-11-02T16:32:28","date_gmt":"2018-11-02T16:32:28","guid":{"rendered":"https:\/\/evaquintas.ca\/blog\/?p=43"},"modified":"2018-11-03T00:17:17","modified_gmt":"2018-11-03T00:17:17","slug":"el-cuerpo-es-el-baldio","status":"publish","type":"post","link":"https:\/\/evaquintas.ca\/blog\/2018\/11\/02\/el-cuerpo-es-el-baldio\/","title":{"rendered":"El cuerpo es el bald\u00edo"},"content":{"rendered":"<p>&nbsp;<\/p>\n<blockquote>\n<div class=\"dDoNo gsrt\"><strong>_bald\u00edo, bald\u00eda<\/strong><\/div>\n<\/blockquote>\n<div class=\"vmod\">\n<div class=\"vmod\">\n<blockquote>\n<div class=\"lr_dct_sf_h\"><\/div>\n<ol class=\"lr_dct_sf_sens\">\n<li>\n<div class=\"vmod\">\n<div class=\"lr_dct_sf_sen Uekwlc XpoqFe\">\n<div>\n<div class=\"PNlCoe XpoqFe\">\n<div><i>adjetivo<\/i><br \/>\n[terreno] Que no se cultiva ni se labra.<\/div>\n<div class=\"vk_gy\">\u00ab\u00a0la orden de 1767 de repartir los territorios bald\u00edos favoreci\u00f3 a los labradores m\u00e1s poderosos; subi\u00f3 a la explanada, rala como un bald\u00edo\u00a0\u00bb<\/div>\n<div class=\"vmod\"><\/div>\n<\/div>\n<\/div>\n<\/div>\n<\/div>\n<\/li>\n<li>\n<div class=\"vmod\">\n<div class=\"lr_dct_sf_sen Uekwlc XpoqFe\">\n<div>\n<div class=\"PNlCoe XpoqFe\">\n<div><i>adjetivo<\/i><\/div>\n<div>[esfuerzo, empe\u00f1o] Que resulta in\u00fatil porque no ofrece ning\u00fan resultado.<\/div>\n<div class=\"vk_gy\">\u00ab\u00a0todo esfuerzo se hab\u00eda demostrado al final bald\u00edo\u00a0\u00bb<\/div>\n<div><\/div>\n<\/div>\n<\/div>\n<\/div>\n<\/div>\n<\/li>\n<li>\n<div class=\"xpdxpnd\">\n<div class=\"lr_dct_sf_sen Uekwlc XpoqFe\">\n<div>\n<div class=\"PNlCoe XpoqFe\">\n<div><i>adjetivo<\/i><\/div>\n<div><span class=\"lr_dct_lbl_blk lr_dct_lbl_box\">R\u00cdO DE LA PLATA y COLOMBIA<\/span><\/div>\n<div>[terreno, solar] Que est\u00e1 sin edificar en zonas urbanas o suburbanas y que generalmente est\u00e1 abandonado.<\/div>\n<div class=\"vk_gy\">\u00ab\u00a0en la esquina de mi casa hay un terreno bald\u00edo; unos cuantos bald\u00edos de la zona fueron expropiados como consecuencia de las inversiones de empresas constructoras para levantar modernos edificios\u00a0\u00bb<\/div>\n<\/div>\n<\/div>\n<\/div>\n<\/div>\n<\/li>\n<\/ol>\n<\/blockquote>\n<\/div>\n<\/div>\n<p>&nbsp;<\/p>\n<p>De nuestro \u00faltimo encuentro \u2013ese que nos reuni\u00f3 entre vientos y sanguchitos\u2013, surgi\u00f3 la idea de repensar al rededor de la definici\u00f3n de bald\u00edo. Una de las propuestas fue el cuerpo como bald\u00edo. Leyendo, pensando y d\u00e1ndole vueltas a la cosa, descubro que si bien hay caracter\u00edsticas que pueden hacernos pensar que existe una convergencia entre los dos conceptos, hay otras que parecen pujar por alejarlos.<br \/>\nLos arriba citados, son los primeros resultados que aparecen cuando buscamos la definici\u00f3n de bald\u00edo Si entendemos al cuerpo como bald\u00edo, \u00bfpodemos pensar que un cuerpo puede no cultivarse ni labrarse? \u00bfQue es in\u00fatil porque no ofrece resultados?<\/p>\n<p>Los bald\u00edos que encontramos en la ciudad, adem\u00e1s, en general est\u00e1n abandonados, con el pasto largo y con frecuencia con monta\u00f1as de basura o escombros que la gente \u2013aprovech\u00e1ndose de esta cualidad de abandono\u2013 deposita en ellos. La luz del alumbrado p\u00fablico no los alcanza en su totalidad y los convierte en lugares inseguros o bien, puntos de reuni\u00f3n para el desarrollo de lo indebido y lo inmoral.<br \/>\n\u00bfQui\u00e9n no pens\u00f3 alguna vez en cambiar su recorrido del trabajo a la casa para evitar pasar cerca de un espacio de estas caracter\u00edsticas?<\/p>\n<p>Desde esta perspectiva, parecer\u00eda que la definici\u00f3n de bald\u00edo solo se aleja m\u00e1s y m\u00e1s del cuerpo como tal.<br \/>\nSin embargo, hay otros puntos que son confluentes y que parecen redundar en una pr\u00e1ctica de lo posible.<br \/>\nUn bald\u00edo, por su propia condici\u00f3n, tiene posibilidades de convertirse en otra cosa, pero \u00bfen cualquier cosa? No. Sin lugar a dudas, no. Y es ac\u00e1 donde vislumbro la convergencia: las posibilidades del bald\u00edo, dependen en gran parte de las posibilidades de su entorno, y en menor medida de las posibilidades propias.<br \/>\nSi el terreno est\u00e1 en un lugar favorable, es susceptible de ser cultivado, o bien de alojar una casa, o un gran edificio con muchos departamentos, un gran hall de recepci\u00f3n y un portero que se ocupe de abrirle la puerta a quienes viven en \u00e9l. Pero si sus cualidades geogr\u00e1ficas fueran otras, podr\u00eda ser propicio para su ocupaci\u00f3n repentina: chapas, madera, gomas, lonas, y si la cosa sigue, ladrillos, cemento, puertas y ventanas.<br \/>\nSi un cuerpo nace en un lugar favorable, contar\u00e1 con un techo, cari\u00f1o, un plato de comida y posibilidades de desarrollarse m\u00e1s o menos acordes a sus inquietudes. Por el contrario, si su suerte es otra, todo esto puede quedar trunco.<br \/>\nPienso en el concepto de meritocracia, ese\u00a0sistema que a partir de un supuesto orden\u00a0de m\u00e9rito, de talento, educaci\u00f3n, habilidades, competencias o aptitudes otorga a quienes aspiran a algo \u2013lo que sea\u2013 lo que merecen.<\/p>\n<p>Si el cuerpo es un bald\u00edo, es porque depende de las mismas condiciones de posibilidades. No hay esfuerzo que valga cuando estas (unas, algunas) condiciones no est\u00e1n dadas a priori. Que hay una porci\u00f3n de intenci\u00f3n, de voluntad, es innegable. Pero \u00bfcu\u00e1nto de nuestros cuerpos \/ bald\u00edos nos vino ya determinado por nuestras condiciones geogr\u00e1ficas, familiares, econ\u00f3micas, pol\u00edticas, sociales? \u00bfQu\u00e9 podemos construir en nuestros cuerpos a partir de las condiciones de nuestras posibilidades? \u00bfCu\u00e1nto de lo ya construido en estos bald\u00edos form\u00f3 parte del movimiento inercial de nuestras condiciones y cu\u00e1nto fue fruto de la voluntad?<\/p>\n<p>&nbsp;<\/p>\n","protected":false},"excerpt":{"rendered":"<p>&nbsp; _bald\u00edo, bald\u00eda adjetivo [terreno] Que no se cultiva ni se labra. \u00ab\u00a0la orden de 1767 de repartir los territorios bald\u00edos favoreci\u00f3 a los labradores m\u00e1s poderosos; subi\u00f3 a la explanada, rala como un bald\u00edo\u00a0\u00bb adjetivo [esfuerzo, empe\u00f1o] Que resulta&hellip; <a href=\"https:\/\/evaquintas.ca\/blog\/2018\/11\/02\/el-cuerpo-es-el-baldio\/\" class=\"more-link\">Continue Reading <span class=\"meta-nav\">&rarr;<\/span><\/a><\/p>\n","protected":false},"author":2,"featured_media":0,"comment_status":"open","ping_status":"open","sticky":false,"template":"","format":"standard","meta":{"footnotes":""},"categories":[1],"tags":[],"class_list":["post-43","post","type-post","status-publish","format-standard","hentry","category-uncategorized"],"_links":{"self":[{"href":"https:\/\/evaquintas.ca\/blog\/wp-json\/wp\/v2\/posts\/43","targetHints":{"allow":["GET"]}}],"collection":[{"href":"https:\/\/evaquintas.ca\/blog\/wp-json\/wp\/v2\/posts"}],"about":[{"href":"https:\/\/evaquintas.ca\/blog\/wp-json\/wp\/v2\/types\/post"}],"author":[{"embeddable":true,"href":"https:\/\/evaquintas.ca\/blog\/wp-json\/wp\/v2\/users\/2"}],"replies":[{"embeddable":true,"href":"https:\/\/evaquintas.ca\/blog\/wp-json\/wp\/v2\/comments?post=43"}],"version-history":[{"count":8,"href":"https:\/\/evaquintas.ca\/blog\/wp-json\/wp\/v2\/posts\/43\/revisions"}],"predecessor-version":[{"id":51,"href":"https:\/\/evaquintas.ca\/blog\/wp-json\/wp\/v2\/posts\/43\/revisions\/51"}],"wp:attachment":[{"href":"https:\/\/evaquintas.ca\/blog\/wp-json\/wp\/v2\/media?parent=43"}],"wp:term":[{"taxonomy":"category","embeddable":true,"href":"https:\/\/evaquintas.ca\/blog\/wp-json\/wp\/v2\/categories?post=43"},{"taxonomy":"post_tag","embeddable":true,"href":"https:\/\/evaquintas.ca\/blog\/wp-json\/wp\/v2\/tags?post=43"}],"curies":[{"name":"wp","href":"https:\/\/api.w.org\/{rel}","templated":true}]}}