{"id":25,"date":"2018-10-22T12:19:35","date_gmt":"2018-10-22T12:19:35","guid":{"rendered":"https:\/\/evaquintas.ca\/blog\/?p=25"},"modified":"2018-10-22T12:20:32","modified_gmt":"2018-10-22T12:20:32","slug":"espacio-memoria-y-derechos-humanos","status":"publish","type":"post","link":"https:\/\/evaquintas.ca\/blog\/2018\/10\/22\/espacio-memoria-y-derechos-humanos\/","title":{"rendered":"Espacio Memoria y Derechos Humanos"},"content":{"rendered":"<p class=\"p1\"><span class=\"s1\">Deuxi\u00e8me sortie terrain avec Sof\u00eda et Gonzalo. On visite l\u2019Espacio Memoria y Derechos humanos qu\u2019on appelle l\u2019Ex-Esma (Escuela de Mec\u00e1nica de la Armada). C\u2019est un immense terrain avec des b\u00e2timents ayant servi d\u00e8s les ann\u00e9es 1940 comme \u00e9tablissements d\u2019enseignement militaire. \u00c0 partir du coup d\u2019\u00e9tat de 1976, le site devient un centre clandestin de d\u00e9tention, de torture et d\u2019extermination. Ce sont 30 000 personnes disparues durant la dictature, ce chiffre revient constamment. Le lieu est assez impressionnant, il est mis en sc\u00e8ne avec plein de photographies-affiches sur les b\u00e2timents et de panneaux explicatifs. Mais plusieurs de ces \u00e9difices restent inoccup\u00e9s, des fen\u00eatres sont bris\u00e9es, les d\u00e9bris s\u2019accumulent, \u00e7a leur donne un air \u00e9trange, fig\u00e9 dans le pass\u00e9. Je d\u00e9couvre les lieux en m\u00eame temps que ces jeunes de 20 ans. Il y a quelque chose d&rsquo;\u00e9mouvant.<\/span><\/p>\n<p><img loading=\"lazy\" decoding=\"async\" class=\"alignnone size-medium wp-image-34\" src=\"https:\/\/evaquintas.ca\/blog\/wp-content\/uploads\/2018\/10\/esma_arbre_gonzalo_72dpi-300x199.jpg\" alt=\"\" width=\"300\" height=\"199\" srcset=\"https:\/\/evaquintas.ca\/blog\/wp-content\/uploads\/2018\/10\/esma_arbre_gonzalo_72dpi-300x199.jpg 300w, https:\/\/evaquintas.ca\/blog\/wp-content\/uploads\/2018\/10\/esma_arbre_gonzalo_72dpi-768x510.jpg 768w, https:\/\/evaquintas.ca\/blog\/wp-content\/uploads\/2018\/10\/esma_arbre_gonzalo_72dpi.jpg 975w\" sizes=\"auto, (max-width: 300px) 100vw, 300px\" \/> <img loading=\"lazy\" decoding=\"async\" class=\"alignnone size-medium wp-image-36\" src=\"https:\/\/evaquintas.ca\/blog\/wp-content\/uploads\/2018\/10\/esma_arbre_sofia_72dpi-300x199.jpg\" alt=\"\" width=\"300\" height=\"199\" srcset=\"https:\/\/evaquintas.ca\/blog\/wp-content\/uploads\/2018\/10\/esma_arbre_sofia_72dpi-300x199.jpg 300w, https:\/\/evaquintas.ca\/blog\/wp-content\/uploads\/2018\/10\/esma_arbre_sofia_72dpi-768x510.jpg 768w, https:\/\/evaquintas.ca\/blog\/wp-content\/uploads\/2018\/10\/esma_arbre_sofia_72dpi.jpg 975w\" sizes=\"auto, (max-width: 300px) 100vw, 300px\" \/><\/p>\n<p class=\"p1\"><span class=\"s1\"><img loading=\"lazy\" decoding=\"async\" class=\"alignnone size-medium wp-image-26\" src=\"https:\/\/evaquintas.ca\/blog\/wp-content\/uploads\/2018\/10\/ba_exesma01-300x195.jpg\" alt=\"\" width=\"300\" height=\"195\" srcset=\"https:\/\/evaquintas.ca\/blog\/wp-content\/uploads\/2018\/10\/ba_exesma01-300x195.jpg 300w, https:\/\/evaquintas.ca\/blog\/wp-content\/uploads\/2018\/10\/ba_exesma01-768x500.jpg 768w, https:\/\/evaquintas.ca\/blog\/wp-content\/uploads\/2018\/10\/ba_exesma01.jpg 996w\" sizes=\"auto, (max-width: 300px) 100vw, 300px\" \/> <img loading=\"lazy\" decoding=\"async\" class=\"alignnone size-medium wp-image-27\" src=\"https:\/\/evaquintas.ca\/blog\/wp-content\/uploads\/2018\/10\/ba_exesma02-300x211.jpg\" alt=\"\" width=\"300\" height=\"211\" srcset=\"https:\/\/evaquintas.ca\/blog\/wp-content\/uploads\/2018\/10\/ba_exesma02-300x211.jpg 300w, https:\/\/evaquintas.ca\/blog\/wp-content\/uploads\/2018\/10\/ba_exesma02-768x540.jpg 768w, https:\/\/evaquintas.ca\/blog\/wp-content\/uploads\/2018\/10\/ba_exesma02.jpg 954w\" sizes=\"auto, (max-width: 300px) 100vw, 300px\" \/> <img loading=\"lazy\" decoding=\"async\" class=\"alignnone size-medium wp-image-29\" src=\"https:\/\/evaquintas.ca\/blog\/wp-content\/uploads\/2018\/10\/ba_exesma04-300x199.jpg\" alt=\"\" width=\"300\" height=\"199\" srcset=\"https:\/\/evaquintas.ca\/blog\/wp-content\/uploads\/2018\/10\/ba_exesma04-300x199.jpg 300w, https:\/\/evaquintas.ca\/blog\/wp-content\/uploads\/2018\/10\/ba_exesma04-768x510.jpg 768w, https:\/\/evaquintas.ca\/blog\/wp-content\/uploads\/2018\/10\/ba_exesma04.jpg 1010w\" sizes=\"auto, (max-width: 300px) 100vw, 300px\" \/> <img loading=\"lazy\" decoding=\"async\" class=\"alignnone size-medium wp-image-30\" src=\"https:\/\/evaquintas.ca\/blog\/wp-content\/uploads\/2018\/10\/ba_exesma05-300x205.jpg\" alt=\"\" width=\"300\" height=\"205\" srcset=\"https:\/\/evaquintas.ca\/blog\/wp-content\/uploads\/2018\/10\/ba_exesma05-300x205.jpg 300w, https:\/\/evaquintas.ca\/blog\/wp-content\/uploads\/2018\/10\/ba_exesma05-768x525.jpg 768w, https:\/\/evaquintas.ca\/blog\/wp-content\/uploads\/2018\/10\/ba_exesma05.jpg 962w\" sizes=\"auto, (max-width: 300px) 100vw, 300px\" \/> <img loading=\"lazy\" decoding=\"async\" class=\"alignnone size-medium wp-image-31\" src=\"https:\/\/evaquintas.ca\/blog\/wp-content\/uploads\/2018\/10\/ba_exesma06-300x199.jpg\" alt=\"\" width=\"300\" height=\"199\" srcset=\"https:\/\/evaquintas.ca\/blog\/wp-content\/uploads\/2018\/10\/ba_exesma06-300x199.jpg 300w, https:\/\/evaquintas.ca\/blog\/wp-content\/uploads\/2018\/10\/ba_exesma06-768x509.jpg 768w, https:\/\/evaquintas.ca\/blog\/wp-content\/uploads\/2018\/10\/ba_exesma06.jpg 969w\" sizes=\"auto, (max-width: 300px) 100vw, 300px\" \/> <img loading=\"lazy\" decoding=\"async\" class=\"alignnone size-medium wp-image-32\" src=\"https:\/\/evaquintas.ca\/blog\/wp-content\/uploads\/2018\/10\/ba_exesma07-300x193.jpg\" alt=\"\" width=\"300\" height=\"193\" srcset=\"https:\/\/evaquintas.ca\/blog\/wp-content\/uploads\/2018\/10\/ba_exesma07-300x193.jpg 300w, https:\/\/evaquintas.ca\/blog\/wp-content\/uploads\/2018\/10\/ba_exesma07-768x495.jpg 768w, https:\/\/evaquintas.ca\/blog\/wp-content\/uploads\/2018\/10\/ba_exesma07.jpg 948w\" sizes=\"auto, (max-width: 300px) 100vw, 300px\" \/><\/span><\/p>\n","protected":false},"excerpt":{"rendered":"<p>Deuxi\u00e8me sortie terrain avec Sof\u00eda et Gonzalo. On visite l\u2019Espacio Memoria y Derechos humanos qu\u2019on appelle l\u2019Ex-Esma (Escuela de Mec\u00e1nica de la Armada). C\u2019est un immense terrain avec des b\u00e2timents ayant servi d\u00e8s les ann\u00e9es 1940 comme \u00e9tablissements d\u2019enseignement militaire.&hellip; <a href=\"https:\/\/evaquintas.ca\/blog\/2018\/10\/22\/espacio-memoria-y-derechos-humanos\/\" class=\"more-link\">Continue Reading <span class=\"meta-nav\">&rarr;<\/span><\/a><\/p>\n","protected":false},"author":1,"featured_media":0,"comment_status":"open","ping_status":"open","sticky":false,"template":"","format":"standard","meta":{"footnotes":""},"categories":[1],"tags":[],"class_list":["post-25","post","type-post","status-publish","format-standard","hentry","category-uncategorized"],"_links":{"self":[{"href":"https:\/\/evaquintas.ca\/blog\/wp-json\/wp\/v2\/posts\/25","targetHints":{"allow":["GET"]}}],"collection":[{"href":"https:\/\/evaquintas.ca\/blog\/wp-json\/wp\/v2\/posts"}],"about":[{"href":"https:\/\/evaquintas.ca\/blog\/wp-json\/wp\/v2\/types\/post"}],"author":[{"embeddable":true,"href":"https:\/\/evaquintas.ca\/blog\/wp-json\/wp\/v2\/users\/1"}],"replies":[{"embeddable":true,"href":"https:\/\/evaquintas.ca\/blog\/wp-json\/wp\/v2\/comments?post=25"}],"version-history":[{"count":2,"href":"https:\/\/evaquintas.ca\/blog\/wp-json\/wp\/v2\/posts\/25\/revisions"}],"predecessor-version":[{"id":38,"href":"https:\/\/evaquintas.ca\/blog\/wp-json\/wp\/v2\/posts\/25\/revisions\/38"}],"wp:attachment":[{"href":"https:\/\/evaquintas.ca\/blog\/wp-json\/wp\/v2\/media?parent=25"}],"wp:term":[{"taxonomy":"category","embeddable":true,"href":"https:\/\/evaquintas.ca\/blog\/wp-json\/wp\/v2\/categories?post=25"},{"taxonomy":"post_tag","embeddable":true,"href":"https:\/\/evaquintas.ca\/blog\/wp-json\/wp\/v2\/tags?post=25"}],"curies":[{"name":"wp","href":"https:\/\/api.w.org\/{rel}","templated":true}]}}