{"id":16,"date":"2018-10-22T12:03:39","date_gmt":"2018-10-22T12:03:39","guid":{"rendered":"https:\/\/evaquintas.ca\/blog\/?p=16"},"modified":"2018-10-22T12:03:39","modified_gmt":"2018-10-22T12:03:39","slug":"une-marche-contrefestive","status":"publish","type":"post","link":"https:\/\/evaquintas.ca\/blog\/2018\/10\/22\/une-marche-contrefestive\/","title":{"rendered":"Une marche \u00abcontrefestive\u00bb"},"content":{"rendered":"<p>Pour notre premi\u00e8re sortie terrain, le groupe propose de participer \u00e0 la marche du 12 octobre organis\u00e9e par des associations autochtones. La marche rappelle l&rsquo;occupation du territoire des peuples premiers depuis l&rsquo;arriv\u00e9e des conqu\u00e9rants. \u00c7a fait un moment ici que l&rsquo;on a d\u00e9boulonn\u00e9 Christophe Colomb. Jour de la race, jour de l&rsquo;hispanicit\u00e9, jour des Am\u00e9riques, le 12 octobre est maintenant d\u00e9cr\u00e9t\u00e9 le Jour du Respect de la Diversit\u00e9 culturelle. Voici notre groupe.<\/p>\n<div id=\"attachment_17\" style=\"width: 310px\" class=\"wp-caption alignnone\"><img loading=\"lazy\" decoding=\"async\" aria-describedby=\"caption-attachment-17\" class=\"size-medium wp-image-17\" src=\"https:\/\/evaquintas.ca\/blog\/wp-content\/uploads\/2018\/10\/ba_marche00-300x192.jpg\" alt=\"\" width=\"300\" height=\"192\" srcset=\"https:\/\/evaquintas.ca\/blog\/wp-content\/uploads\/2018\/10\/ba_marche00-300x192.jpg 300w, https:\/\/evaquintas.ca\/blog\/wp-content\/uploads\/2018\/10\/ba_marche00.jpg 739w\" sizes=\"auto, (max-width: 300px) 100vw, 300px\" \/><p id=\"caption-attachment-17\" class=\"wp-caption-text\">Lui, Gonzalo, Abigail, I\u00f1aki, Federico, Alejandro<\/p><\/div>\n<p><img loading=\"lazy\" decoding=\"async\" class=\"alignnone size-medium wp-image-18\" src=\"https:\/\/evaquintas.ca\/blog\/wp-content\/uploads\/2018\/10\/ba_marche01-300x194.jpg\" alt=\"\" width=\"300\" height=\"194\" srcset=\"https:\/\/evaquintas.ca\/blog\/wp-content\/uploads\/2018\/10\/ba_marche01-300x194.jpg 300w, https:\/\/evaquintas.ca\/blog\/wp-content\/uploads\/2018\/10\/ba_marche01-768x498.jpg 768w, https:\/\/evaquintas.ca\/blog\/wp-content\/uploads\/2018\/10\/ba_marche01.jpg 977w\" sizes=\"auto, (max-width: 300px) 100vw, 300px\" \/> <img loading=\"lazy\" decoding=\"async\" class=\"alignnone size-medium wp-image-19\" src=\"https:\/\/evaquintas.ca\/blog\/wp-content\/uploads\/2018\/10\/ba_marche02-300x202.jpg\" alt=\"\" width=\"300\" height=\"202\" srcset=\"https:\/\/evaquintas.ca\/blog\/wp-content\/uploads\/2018\/10\/ba_marche02-300x202.jpg 300w, https:\/\/evaquintas.ca\/blog\/wp-content\/uploads\/2018\/10\/ba_marche02-768x517.jpg 768w, https:\/\/evaquintas.ca\/blog\/wp-content\/uploads\/2018\/10\/ba_marche02.jpg 997w\" sizes=\"auto, (max-width: 300px) 100vw, 300px\" \/> <img loading=\"lazy\" decoding=\"async\" class=\"alignnone size-medium wp-image-20\" src=\"https:\/\/evaquintas.ca\/blog\/wp-content\/uploads\/2018\/10\/ba_marche03-300x196.jpg\" alt=\"\" width=\"300\" height=\"196\" srcset=\"https:\/\/evaquintas.ca\/blog\/wp-content\/uploads\/2018\/10\/ba_marche03-300x196.jpg 300w, https:\/\/evaquintas.ca\/blog\/wp-content\/uploads\/2018\/10\/ba_marche03-768x502.jpg 768w, https:\/\/evaquintas.ca\/blog\/wp-content\/uploads\/2018\/10\/ba_marche03.jpg 916w\" sizes=\"auto, (max-width: 300px) 100vw, 300px\" \/> <img loading=\"lazy\" decoding=\"async\" class=\"alignnone size-medium wp-image-21\" src=\"https:\/\/evaquintas.ca\/blog\/wp-content\/uploads\/2018\/10\/ba_marche04-300x199.jpg\" alt=\"\" width=\"300\" height=\"199\" srcset=\"https:\/\/evaquintas.ca\/blog\/wp-content\/uploads\/2018\/10\/ba_marche04-300x199.jpg 300w, https:\/\/evaquintas.ca\/blog\/wp-content\/uploads\/2018\/10\/ba_marche04-768x510.jpg 768w, https:\/\/evaquintas.ca\/blog\/wp-content\/uploads\/2018\/10\/ba_marche04.jpg 1010w\" sizes=\"auto, (max-width: 300px) 100vw, 300px\" \/> <img loading=\"lazy\" decoding=\"async\" class=\"alignnone size-medium wp-image-22\" src=\"https:\/\/evaquintas.ca\/blog\/wp-content\/uploads\/2018\/10\/ba_marche05-300x199.jpg\" alt=\"\" width=\"300\" height=\"199\" srcset=\"https:\/\/evaquintas.ca\/blog\/wp-content\/uploads\/2018\/10\/ba_marche05-300x199.jpg 300w, https:\/\/evaquintas.ca\/blog\/wp-content\/uploads\/2018\/10\/ba_marche05-768x510.jpg 768w, https:\/\/evaquintas.ca\/blog\/wp-content\/uploads\/2018\/10\/ba_marche05.jpg 1010w\" sizes=\"auto, (max-width: 300px) 100vw, 300px\" \/><\/p>\n","protected":false},"excerpt":{"rendered":"<p>Pour notre premi\u00e8re sortie terrain, le groupe propose de participer \u00e0 la marche du 12 octobre organis\u00e9e par des associations autochtones. La marche rappelle l&rsquo;occupation du territoire des peuples premiers depuis l&rsquo;arriv\u00e9e des conqu\u00e9rants. \u00c7a fait un moment ici que&hellip; <a href=\"https:\/\/evaquintas.ca\/blog\/2018\/10\/22\/une-marche-contrefestive\/\" class=\"more-link\">Continue Reading <span class=\"meta-nav\">&rarr;<\/span><\/a><\/p>\n","protected":false},"author":1,"featured_media":0,"comment_status":"open","ping_status":"open","sticky":false,"template":"","format":"standard","meta":{"footnotes":""},"categories":[1],"tags":[],"class_list":["post-16","post","type-post","status-publish","format-standard","hentry","category-uncategorized"],"_links":{"self":[{"href":"https:\/\/evaquintas.ca\/blog\/wp-json\/wp\/v2\/posts\/16","targetHints":{"allow":["GET"]}}],"collection":[{"href":"https:\/\/evaquintas.ca\/blog\/wp-json\/wp\/v2\/posts"}],"about":[{"href":"https:\/\/evaquintas.ca\/blog\/wp-json\/wp\/v2\/types\/post"}],"author":[{"embeddable":true,"href":"https:\/\/evaquintas.ca\/blog\/wp-json\/wp\/v2\/users\/1"}],"replies":[{"embeddable":true,"href":"https:\/\/evaquintas.ca\/blog\/wp-json\/wp\/v2\/comments?post=16"}],"version-history":[{"count":1,"href":"https:\/\/evaquintas.ca\/blog\/wp-json\/wp\/v2\/posts\/16\/revisions"}],"predecessor-version":[{"id":23,"href":"https:\/\/evaquintas.ca\/blog\/wp-json\/wp\/v2\/posts\/16\/revisions\/23"}],"wp:attachment":[{"href":"https:\/\/evaquintas.ca\/blog\/wp-json\/wp\/v2\/media?parent=16"}],"wp:term":[{"taxonomy":"category","embeddable":true,"href":"https:\/\/evaquintas.ca\/blog\/wp-json\/wp\/v2\/categories?post=16"},{"taxonomy":"post_tag","embeddable":true,"href":"https:\/\/evaquintas.ca\/blog\/wp-json\/wp\/v2\/tags?post=16"}],"curies":[{"name":"wp","href":"https:\/\/api.w.org\/{rel}","templated":true}]}}