{"id":132,"date":"2019-01-25T22:42:28","date_gmt":"2019-01-25T22:42:28","guid":{"rendered":"https:\/\/evaquintas.ca\/blog\/?p=132"},"modified":"2019-01-25T22:42:28","modified_gmt":"2019-01-25T22:42:28","slug":"voici-quelques-realisations-collectives-creees-avec-le-geps-durant-ma-residence","status":"publish","type":"post","link":"https:\/\/evaquintas.ca\/blog\/2019\/01\/25\/voici-quelques-realisations-collectives-creees-avec-le-geps-durant-ma-residence\/","title":{"rendered":"Voici quelques r\u00e9alisations collectives cr\u00e9\u00e9es avec le GEPS durant ma r\u00e9sidence"},"content":{"rendered":"\n<p>Notre protocole de travail: les promenades<br>Les exercices de cr\u00e9ation collective: cadavres exquis, correspondances&#8230;<br><\/p>\n\n\n\n<figure class=\"wp-block-audio\"><audio controls src=\"https:\/\/evaquintas.ca\/blog\/wp-content\/uploads\/2019\/01\/Gonza_sintonizacio\u0301n-de-postales-1.wav\"><\/audio><\/figure>\n\n\n\n<figure class=\"wp-block-image\"><img loading=\"lazy\" decoding=\"async\" width=\"1024\" height=\"137\" src=\"https:\/\/evaquintas.ca\/blog\/wp-content\/uploads\/2019\/01\/GEPS_ExEsma_Eva-1024x137.jpg\" alt=\"\" class=\"wp-image-133\" srcset=\"https:\/\/evaquintas.ca\/blog\/wp-content\/uploads\/2019\/01\/GEPS_ExEsma_Eva-1024x137.jpg 1024w, https:\/\/evaquintas.ca\/blog\/wp-content\/uploads\/2019\/01\/GEPS_ExEsma_Eva-300x40.jpg 300w, https:\/\/evaquintas.ca\/blog\/wp-content\/uploads\/2019\/01\/GEPS_ExEsma_Eva-768x102.jpg 768w\" sizes=\"auto, (max-width: 1024px) 100vw, 1024px\" \/><\/figure>\n\n\n\n<figure class=\"wp-block-image\"><img loading=\"lazy\" decoding=\"async\" width=\"1024\" height=\"137\" src=\"https:\/\/evaquintas.ca\/blog\/wp-content\/uploads\/2019\/01\/GEPS_ExEsmaGonzalo-1024x137.jpg\" alt=\"\" class=\"wp-image-134\" srcset=\"https:\/\/evaquintas.ca\/blog\/wp-content\/uploads\/2019\/01\/GEPS_ExEsmaGonzalo-1024x137.jpg 1024w, https:\/\/evaquintas.ca\/blog\/wp-content\/uploads\/2019\/01\/GEPS_ExEsmaGonzalo-300x40.jpg 300w, https:\/\/evaquintas.ca\/blog\/wp-content\/uploads\/2019\/01\/GEPS_ExEsmaGonzalo-768x102.jpg 768w\" sizes=\"auto, (max-width: 1024px) 100vw, 1024px\" \/><\/figure>\n\n\n\n<figure class=\"wp-block-image\"><img loading=\"lazy\" decoding=\"async\" width=\"1024\" height=\"115\" src=\"https:\/\/evaquintas.ca\/blog\/wp-content\/uploads\/2019\/01\/GEPS_ExEsma_Sofia-1024x115.jpg\" alt=\"\" class=\"wp-image-135\" srcset=\"https:\/\/evaquintas.ca\/blog\/wp-content\/uploads\/2019\/01\/GEPS_ExEsma_Sofia-1024x115.jpg 1024w, https:\/\/evaquintas.ca\/blog\/wp-content\/uploads\/2019\/01\/GEPS_ExEsma_Sofia-300x34.jpg 300w, https:\/\/evaquintas.ca\/blog\/wp-content\/uploads\/2019\/01\/GEPS_ExEsma_Sofia-768x86.jpg 768w\" sizes=\"auto, (max-width: 1024px) 100vw, 1024px\" \/><\/figure>\n\n\n\n<figure class=\"wp-block-audio\"><audio controls src=\"https:\/\/evaquintas.ca\/blog\/wp-content\/uploads\/2019\/01\/sintonizacio\u0301n-de-postales.wav\"><\/audio><\/figure>\n\n\n\n<p class=\"has-small-font-size\"><strong>A un olmo seco<\/strong> (Antonio Machado)<br><\/p>\n\n\n\n<p style=\"text-align:center\" class=\"has-small-font-size\">Al olmo viejo, hendido por el rayo<br>y en su mitad podrido,<br>con las lluvias de abril y el sol de mayo,<br>algunas hojas verdes le han salido.<br>\u00a1El olmo centenario en la colina<br>que lame el Duero! Un musgo<br>amarillento<br>le mancha la corteza blanquecina<br>al tronco carcomido y polvoriento.<br>No ser\u00e1 cual los \u00e1lamos cantores<br>Que guardan el camino y la ribera,<br>Habitada de pardos ruise\u00f1ores.<br>Ej\u00e9rcito de hormigas en hilera<br>Va trepando por \u00e9l, y en sus entra\u00f1as<br>Urden sus telas grises las ara\u00f1as.<\/p>\n\n\n\n<p class=\"has-small-font-size\"><strong>El olmo es nuestra excusa<br>El olmo es nuestro entorno<\/strong><\/p>\n\n\n\n<p style=\"text-align:center\" class=\"has-small-font-size\">\u00bfY que somos nosotros m\u00e1s que hormigas disfrazando necesidades bajo sus recursos? <br>\u00bfY qu\u00e9 somos nosotros m\u00e1s que ara\u00f1as tejiendo relaciones con lo inmanente?<\/p>\n\n\n\n<p class=\"has-small-font-size\">Carguemos la corteza in\u00fatil en nuestros hombros y volv\u00e1mos la beneficio.<br>Creamos en que en el crear est\u00e1 el sentido de todo lo ya creado.  <\/p>\n\n\n\n<p style=\"text-align:right\" class=\"has-small-font-size\">Que sean verdes, nuevamente y por nuestros actos, las hojas de aquel olmo.<br>Que no tenga nada que envidiar a los \u00e1lamos, florecidos solo por su nacimiento en la ribera. <\/p>\n\n\n\n<p class=\"has-small-font-size\">Que germine el reto\u00f1o de nuestro olmo, all\u00e1, en el riachuelo<br>\u00a0ac\u00e1, en la universidad\u00a0<br>\u00a0siempre, donde quiera que estemos\u00a0\u00a0\u00a0\u00a0\u00a0\u00a0\u00a0\u00a0\u00a0\u00a0\u00a0\u00a0\u00a0\u00a0\u00a0\u00a0\u00a0\u00a0\u00a0\u00a0\u00a0\u00a0\u00a0\u00a0\u00a0\u00a0\u00a0\u00a0\u00a0\u00a0\u00a0\u00a0\u00a0\u00a0\u00a0\u00a0\u00a0\u00a0\u00a0\u00a0 \u00a0\u00a0\u00a0\u00a0\u00a0\u00a0\u00a0\u00a0\u00a0\u00a0\u00a0\u00a0\u00a0\u00a0\u00a0\u00a0\u00a0\u00a0<br><\/p>\n\n\n\n<figure class=\"wp-block-audio\"><audio controls src=\"https:\/\/evaquintas.ca\/blog\/wp-content\/uploads\/2019\/01\/Contra_poema.wav\"><\/audio><\/figure>\n\n\n\n<figure class=\"wp-block-image\"><img loading=\"lazy\" decoding=\"async\" width=\"1024\" height=\"145\" src=\"https:\/\/evaquintas.ca\/blog\/wp-content\/uploads\/2019\/01\/Correspondencia_Eva_In\u0303a_72dpi-1024x145.jpg\" alt=\"\" class=\"wp-image-144\" srcset=\"https:\/\/evaquintas.ca\/blog\/wp-content\/uploads\/2019\/01\/Correspondencia_Eva_In\u0303a_72dpi-1024x145.jpg 1024w, https:\/\/evaquintas.ca\/blog\/wp-content\/uploads\/2019\/01\/Correspondencia_Eva_In\u0303a_72dpi-300x42.jpg 300w, https:\/\/evaquintas.ca\/blog\/wp-content\/uploads\/2019\/01\/Correspondencia_Eva_In\u0303a_72dpi-768x109.jpg 768w\" sizes=\"auto, (max-width: 1024px) 100vw, 1024px\" \/><\/figure>\n\n\n\n<figure class=\"wp-block-image\"><img loading=\"lazy\" decoding=\"async\" width=\"1024\" height=\"683\" src=\"https:\/\/evaquintas.ca\/blog\/wp-content\/uploads\/2019\/01\/grupo_casaAle02-1024x683.jpg\" alt=\"\" class=\"wp-image-145\" srcset=\"https:\/\/evaquintas.ca\/blog\/wp-content\/uploads\/2019\/01\/grupo_casaAle02-1024x683.jpg 1024w, https:\/\/evaquintas.ca\/blog\/wp-content\/uploads\/2019\/01\/grupo_casaAle02-300x200.jpg 300w, https:\/\/evaquintas.ca\/blog\/wp-content\/uploads\/2019\/01\/grupo_casaAle02-768x512.jpg 768w\" sizes=\"auto, (max-width: 1024px) 100vw, 1024px\" \/><figcaption>Agu, Gonza, I\u00f1a, Eva, Ale, Fede (photo: Clara, nov. 2018)<\/figcaption><\/figure>\n\n\n\n<p>\u00a0\u00a0\u00a0\u00a0\u00a0\u00a0\u00a0\u00a0\u00a0\u00a0\u00a0\u00a0\u00a0\u00a0\u00a0\u00a0\u00a0\u00a0\u00a0\u00a0\u00a0\u00a0\u00a0\u00a0\u00a0\u00a0\u00a0\u00a0\u00a0\u00a0\u00a0\u00a0\u00a0\u00a0\u00a0\u00a0\u00a0\u00a0\u00a0\u00a0\u00a0\u00a0\u00a0\u00a0\u00a0\u00a0\u00a0\u00a0\u00a0\u00a0\u00a0\u00a0\u00a0\u00a0\u00a0\u00a0\u00a0\u00a0\u00a0\u00a0\u00a0\u00a0\u00a0\u00a0\u00a0\u00a0\u00a0\u00a0\u00a0\u00a0\u00a0<\/p>\n\n\n\n<p>\u00a0\u00a0\u00a0\u00a0\u00a0\u00a0\u00a0\u00a0\u00a0\u00a0\u00a0\u00a0\u00a0\u00a0\u00a0\u00a0\u00a0\u00a0\u00a0\u00a0\u00a0\u00a0\u00a0\u00a0\u00a0\u00a0\u00a0\u00a0\u00a0\u00a0\u00a0\u00a0\u00a0\u00a0\u00a0\u00a0\u00a0\u00a0\u00a0\u00a0\u00a0\u00a0\u00a0\u00a0\u00a0\u00a0\u00a0\u00a0\u00a0\u00a0\u00a0\u00a0\u00a0<\/p>\n\n\n\n<p><br><\/p>\n\n\n\n<p><br><\/p>\n","protected":false},"excerpt":{"rendered":"<p>Notre protocole de travail: les promenadesLes exercices de cr\u00e9ation collective: cadavres exquis, correspondances&#8230; A un olmo seco (Antonio Machado) Al olmo viejo, hendido por el rayoy en su mitad podrido,con las lluvias de abril y el sol de mayo,algunas hojas&hellip; <a href=\"https:\/\/evaquintas.ca\/blog\/2019\/01\/25\/voici-quelques-realisations-collectives-creees-avec-le-geps-durant-ma-residence\/\" class=\"more-link\">Continue Reading <span class=\"meta-nav\">&rarr;<\/span><\/a><\/p>\n","protected":false},"author":1,"featured_media":0,"comment_status":"open","ping_status":"open","sticky":false,"template":"","format":"standard","meta":{"footnotes":""},"categories":[1],"tags":[],"class_list":["post-132","post","type-post","status-publish","format-standard","hentry","category-uncategorized"],"_links":{"self":[{"href":"https:\/\/evaquintas.ca\/blog\/wp-json\/wp\/v2\/posts\/132","targetHints":{"allow":["GET"]}}],"collection":[{"href":"https:\/\/evaquintas.ca\/blog\/wp-json\/wp\/v2\/posts"}],"about":[{"href":"https:\/\/evaquintas.ca\/blog\/wp-json\/wp\/v2\/types\/post"}],"author":[{"embeddable":true,"href":"https:\/\/evaquintas.ca\/blog\/wp-json\/wp\/v2\/users\/1"}],"replies":[{"embeddable":true,"href":"https:\/\/evaquintas.ca\/blog\/wp-json\/wp\/v2\/comments?post=132"}],"version-history":[{"count":3,"href":"https:\/\/evaquintas.ca\/blog\/wp-json\/wp\/v2\/posts\/132\/revisions"}],"predecessor-version":[{"id":146,"href":"https:\/\/evaquintas.ca\/blog\/wp-json\/wp\/v2\/posts\/132\/revisions\/146"}],"wp:attachment":[{"href":"https:\/\/evaquintas.ca\/blog\/wp-json\/wp\/v2\/media?parent=132"}],"wp:term":[{"taxonomy":"category","embeddable":true,"href":"https:\/\/evaquintas.ca\/blog\/wp-json\/wp\/v2\/categories?post=132"},{"taxonomy":"post_tag","embeddable":true,"href":"https:\/\/evaquintas.ca\/blog\/wp-json\/wp\/v2\/tags?post=132"}],"curies":[{"name":"wp","href":"https:\/\/api.w.org\/{rel}","templated":true}]}}