{"id":1,"date":"2018-10-09T11:37:28","date_gmt":"2018-10-09T11:37:28","guid":{"rendered":"https:\/\/evaquintas.ca\/blog\/?p=1"},"modified":"2018-10-21T00:17:46","modified_gmt":"2018-10-21T00:17:46","slug":"hello-world","status":"publish","type":"post","link":"https:\/\/evaquintas.ca\/blog\/2018\/10\/09\/hello-world\/","title":{"rendered":"D\u00e9marrage d&rsquo;un projet de collaboration avec le Groupe d&rsquo;\u00e9tudes en paysages sonores (GEPS)"},"content":{"rendered":"<p>Me voil\u00e0 \u00e0 Buenos Aires pour deux mois avec une bourse me permettant de poursuivre mes recherches sur la ville comme territoire d&rsquo;expression artistique et citoyenne. Un des volets de ma r\u00e9sidence se fera en collaboration avec le Groupe d&rsquo;\u00e9tudes en paysages sonores de la Universidad de Lan\u00fas coordonn\u00e9 par Alejandro Brianza. Avec ses \u00e9tudiant.e.s nous initions une r\u00e9flexion sur le terrain vague et les non lieux comme espaces d&rsquo;utopies. Voici le d\u00e9but de Friches \/ Bald\u00edos \/ Wasteland.<\/p>\n<p><img loading=\"lazy\" decoding=\"async\" class=\"alignnone size-medium wp-image-10\" src=\"https:\/\/evaquintas.ca\/blog\/wp-content\/uploads\/2018\/10\/grupo_fusion_6fotos_100518-300x133.jpg\" alt=\"\" width=\"300\" height=\"133\" srcset=\"https:\/\/evaquintas.ca\/blog\/wp-content\/uploads\/2018\/10\/grupo_fusion_6fotos_100518-300x133.jpg 300w, https:\/\/evaquintas.ca\/blog\/wp-content\/uploads\/2018\/10\/grupo_fusion_6fotos_100518-768x340.jpg 768w, https:\/\/evaquintas.ca\/blog\/wp-content\/uploads\/2018\/10\/grupo_fusion_6fotos_100518-1024x454.jpg 1024w, https:\/\/evaquintas.ca\/blog\/wp-content\/uploads\/2018\/10\/grupo_fusion_6fotos_100518.jpg 1724w\" sizes=\"auto, (max-width: 300px) 100vw, 300px\" \/><\/p>\n<p>&nbsp;<\/p>\n","protected":false},"excerpt":{"rendered":"<p>Me voil\u00e0 \u00e0 Buenos Aires pour deux mois avec une bourse me permettant de poursuivre mes recherches sur la ville comme territoire d&rsquo;expression artistique et citoyenne. Un des volets de ma r\u00e9sidence se fera en collaboration avec le Groupe d&rsquo;\u00e9tudes&hellip; <a href=\"https:\/\/evaquintas.ca\/blog\/2018\/10\/09\/hello-world\/\" class=\"more-link\">Continue Reading <span class=\"meta-nav\">&rarr;<\/span><\/a><\/p>\n","protected":false},"author":1,"featured_media":0,"comment_status":"open","ping_status":"open","sticky":false,"template":"","format":"standard","meta":{"footnotes":""},"categories":[1],"tags":[],"class_list":["post-1","post","type-post","status-publish","format-standard","hentry","category-uncategorized"],"_links":{"self":[{"href":"https:\/\/evaquintas.ca\/blog\/wp-json\/wp\/v2\/posts\/1","targetHints":{"allow":["GET"]}}],"collection":[{"href":"https:\/\/evaquintas.ca\/blog\/wp-json\/wp\/v2\/posts"}],"about":[{"href":"https:\/\/evaquintas.ca\/blog\/wp-json\/wp\/v2\/types\/post"}],"author":[{"embeddable":true,"href":"https:\/\/evaquintas.ca\/blog\/wp-json\/wp\/v2\/users\/1"}],"replies":[{"embeddable":true,"href":"https:\/\/evaquintas.ca\/blog\/wp-json\/wp\/v2\/comments?post=1"}],"version-history":[{"count":7,"href":"https:\/\/evaquintas.ca\/blog\/wp-json\/wp\/v2\/posts\/1\/revisions"}],"predecessor-version":[{"id":15,"href":"https:\/\/evaquintas.ca\/blog\/wp-json\/wp\/v2\/posts\/1\/revisions\/15"}],"wp:attachment":[{"href":"https:\/\/evaquintas.ca\/blog\/wp-json\/wp\/v2\/media?parent=1"}],"wp:term":[{"taxonomy":"category","embeddable":true,"href":"https:\/\/evaquintas.ca\/blog\/wp-json\/wp\/v2\/categories?post=1"},{"taxonomy":"post_tag","embeddable":true,"href":"https:\/\/evaquintas.ca\/blog\/wp-json\/wp\/v2\/tags?post=1"}],"curies":[{"name":"wp","href":"https:\/\/api.w.org\/{rel}","templated":true}]}}